{"id":698,"count":57,"description":"<h2>Leicht, sehr weich, mit flie\u00dfendem Fall<\/h2><p>Modal ist eine Faser nat\u00fcrlichen Ursprungs, bekannt f\u00fcr ihre Weichheit und daf\u00fcr, wie sie \u00fcber der Schulter f\u00e4llt, ohne Falten zu werfen. Sie h\u00e4lt t\u00e4glichen Gebrauch und W\u00e4sche gut aus: ein sicherer Kauf f\u00fcr den Kunden, der die Marke zum ersten Mal probiert.<\/p><h2>Die breiteste Auswahl im Katalog<\/h2><p>Die umfangreichste Linie unseres Sortiments, mit Mustern, die in Spanien entstehen. Die neuen Referenzen sind <strong>beidseitig bedruckt<\/strong>: das Tuch sieht von beiden Seiten gleich aus, was im Laden regelm\u00e4\u00dfig gefragt wird.<\/p><p>Bestellungen ab 150 \u20ac netto. Versand nach Deutschland und in die EU f\u00fcr 15 \u20ac, ab 400 \u20ac kostenlos.<\/p><p>Sehen Sie auch das \u00fcbrige Sortiment an <a href=\"https:\/\/mayoristas.munira.net\/de\/schals-tuecher\/\">Schals und T\u00fcchern<\/a>.<\/p>","link":"https:\/\/mayoristas.munira.net\/de\/schals-tuecher\/modaltuecher\/","name":"Modal","slug":"modaltuecher","taxonomy":"product_cat","parent":691,"meta":[],"menu_order":0,"_links":{"self":[{"href":"https:\/\/mayoristas.munira.net\/de\/wp-json\/wp\/v2\/product_cat\/698","targetHints":{"allow":["GET"]}}],"collection":[{"href":"https:\/\/mayoristas.munira.net\/de\/wp-json\/wp\/v2\/product_cat"}],"about":[{"href":"https:\/\/mayoristas.munira.net\/de\/wp-json\/wp\/v2\/taxonomies\/product_cat"}],"up":[{"embeddable":true,"href":"https:\/\/mayoristas.munira.net\/de\/wp-json\/wp\/v2\/product_cat\/691"}],"wp:post_type":[{"href":"https:\/\/mayoristas.munira.net\/de\/wp-json\/wp\/v2\/product?product_cat=698"}],"curies":[{"name":"wp","href":"https:\/\/api.w.org\/{rel}","templated":true}]}}